{"id":10974,"date":"2021-09-03T09:50:24","date_gmt":"2021-09-03T09:50:24","guid":{"rendered":"https:\/\/olmix.com\/olmix-back-to-space-2021\/"},"modified":"2024-02-28T13:19:23","modified_gmt":"2024-02-28T13:19:23","slug":"de-retour-au-salon-space","status":"publish","type":"post","link":"https:\/\/olmix.com\/fr\/de-retour-au-salon-space\/","title":{"rendered":"De retour au salon Space"},"content":{"rendered":"[vc_row type=\u00a0\u00bbin_container\u00a0\u00bb full_screen_row_position=\u00a0\u00bbmiddle\u00a0\u00bb column_margin=\u00a0\u00bbdefault\u00a0\u00bb column_direction=\u00a0\u00bbdefault\u00a0\u00bb column_direction_tablet=\u00a0\u00bbdefault\u00a0\u00bb column_direction_phone=\u00a0\u00bbdefault\u00a0\u00bb scene_position=\u00a0\u00bbcenter\u00a0\u00bb constrain_group_4=\u00a0\u00bbyes\u00a0\u00bb text_color=\u00a0\u00bbdark\u00a0\u00bb text_align=\u00a0\u00bbleft\u00a0\u00bb row_border_radius=\u00a0\u00bbnone\u00a0\u00bb row_border_radius_applies=\u00a0\u00bbbg\u00a0\u00bb overflow=\u00a0\u00bbvisible\u00a0\u00bb overlay_strength=\u00a0\u00bb0.3&Prime; gradient_direction=\u00a0\u00bbleft_to_right\u00a0\u00bb shape_divider_position=\u00a0\u00bbbottom\u00a0\u00bb bg_image_animation=\u00a0\u00bbnone\u00a0\u00bb gradient_type=\u00a0\u00bbdefault\u00a0\u00bb shape_type=\u00a0\u00bb\u00a0\u00bb][vc_column column_padding=\u00a0\u00bbno-extra-padding\u00a0\u00bb column_padding_tablet=\u00a0\u00bbinherit\u00a0\u00bb column_padding_phone=\u00a0\u00bbinherit\u00a0\u00bb column_padding_position=\u00a0\u00bball\u00a0\u00bb column_element_direction_desktop=\u00a0\u00bbdefault\u00a0\u00bb column_element_spacing=\u00a0\u00bbdefault\u00a0\u00bb desktop_text_alignment=\u00a0\u00bbdefault\u00a0\u00bb tablet_text_alignment=\u00a0\u00bbdefault\u00a0\u00bb phone_text_alignment=\u00a0\u00bbdefault\u00a0\u00bb background_color_opacity=\u00a0\u00bb1&Prime; background_hover_color_opacity=\u00a0\u00bb1&Prime; column_backdrop_filter=\u00a0\u00bbnone\u00a0\u00bb column_shadow=\u00a0\u00bbnone\u00a0\u00bb column_border_radius=\u00a0\u00bbnone\u00a0\u00bb column_link_target=\u00a0\u00bb_self\u00a0\u00bb column_position=\u00a0\u00bbdefault\u00a0\u00bb gradient_direction=\u00a0\u00bbleft_to_right\u00a0\u00bb overlay_strength=\u00a0\u00bb0.3&Prime; width=\u00a0\u00bb1\/1&Prime; tablet_width_inherit=\u00a0\u00bbdefault\u00a0\u00bb animation_type=\u00a0\u00bbdefault\u00a0\u00bb bg_image_animation=\u00a0\u00bbnone\u00a0\u00bb border_type=\u00a0\u00bbsimple\u00a0\u00bb column_border_width=\u00a0\u00bbnone\u00a0\u00bb column_border_style=\u00a0\u00bbsolid\u00a0\u00bb column_padding_type=\u00a0\u00bbdefault\u00a0\u00bb gradient_type=\u00a0\u00bbdefault\u00a0\u00bb][vc_row_inner column_margin=\u00a0\u00bbdefault\u00a0\u00bb column_direction=\u00a0\u00bbdefault\u00a0\u00bb column_direction_tablet=\u00a0\u00bbdefault\u00a0\u00bb column_direction_phone=\u00a0\u00bbdefault\u00a0\u00bb top_padding=\u00a0\u00bb2%\u00a0\u00bb text_align=\u00a0\u00bbleft\u00a0\u00bb row_position=\u00a0\u00bbdefault\u00a0\u00bb row_position_tablet=\u00a0\u00bbinherit\u00a0\u00bb row_position_phone=\u00a0\u00bbinherit\u00a0\u00bb overflow=\u00a0\u00bbvisible\u00a0\u00bb pointer_events=\u00a0\u00bball\u00a0\u00bb][vc_column_inner column_padding=\u00a0\u00bbno-extra-padding\u00a0\u00bb column_padding_tablet=\u00a0\u00bbinherit\u00a0\u00bb column_padding_phone=\u00a0\u00bbinherit\u00a0\u00bb column_padding_position=\u00a0\u00bball\u00a0\u00bb column_element_direction_desktop=\u00a0\u00bbhorizontal\u00a0\u00bb column_element_direction_tablet=\u00a0\u00bbhorizontal\u00a0\u00bb column_element_direction_phone=\u00a0\u00bbhorizontal\u00a0\u00bb column_element_alignment=\u00a0\u00bbcenter\u00a0\u00bb column_element_spacing=\u00a0\u00bbdefault\u00a0\u00bb desktop_text_alignment=\u00a0\u00bbdefault\u00a0\u00bb tablet_text_alignment=\u00a0\u00bbdefault\u00a0\u00bb phone_text_alignment=\u00a0\u00bbdefault\u00a0\u00bb background_color_opacity=\u00a0\u00bb1&Prime; background_hover_color_opacity=\u00a0\u00bb1&Prime; column_backdrop_filter=\u00a0\u00bbnone\u00a0\u00bb font_color=\u00a0\u00bb#269756&Prime; column_shadow=\u00a0\u00bbnone\u00a0\u00bb column_border_radius=\u00a0\u00bbnone\u00a0\u00bb column_link_target=\u00a0\u00bb_self\u00a0\u00bb overflow=\u00a0\u00bbvisible\u00a0\u00bb gradient_direction=\u00a0\u00bbleft_to_right\u00a0\u00bb overlay_strength=\u00a0\u00bb0.3&Prime; width=\u00a0\u00bb1\/1&Prime; tablet_width_inherit=\u00a0\u00bbdefault\u00a0\u00bb animation_type=\u00a0\u00bbdefault\u00a0\u00bb bg_image_animation=\u00a0\u00bbnone\u00a0\u00bb border_type=\u00a0\u00bbsimple\u00a0\u00bb column_border_width=\u00a0\u00bbnone\u00a0\u00bb column_border_style=\u00a0\u00bbsolid\u00a0\u00bb column_padding_type=\u00a0\u00bbdefault\u00a0\u00bb gradient_type=\u00a0\u00bbdefault\u00a0\u00bb][nectar_icon icon_family=\u00a0\u00bbfontawesome\u00a0\u00bb icon_style=\u00a0\u00bbdefault\u00a0\u00bb icon_color_type=\u00a0\u00bbcolor_scheme\u00a0\u00bb icon_color=\u00a0\u00bbExtra-Color-1&Prime; icon_padding=\u00a0\u00bb0px\u00a0\u00bb pointer_events=\u00a0\u00bball\u00a0\u00bb icon_fontawesome=\u00a0\u00bbfa fa-clock-o\u00a0\u00bb icon_size=\u00a0\u00bb15&Prime; margin_right=\u00a0\u00bb7px\u00a0\u00bb margin_top=\u00a0\u00bb1px\u00a0\u00bb][vc_column_text]<span class=\"span-reading-time rt-reading-time\"><span class=\"rt-label rt-prefix\">Reading Time:<\/span> <span class=\"rt-time\"> 2<\/span> <span class=\"rt-label rt-postfix\">minutes<\/span><\/span>[\/vc_column_text][\/vc_column_inner][\/vc_row_inner][vc_row_inner column_margin=\u00a0\u00bbdefault\u00a0\u00bb column_direction=\u00a0\u00bbdefault\u00a0\u00bb column_direction_tablet=\u00a0\u00bbdefault\u00a0\u00bb column_direction_phone=\u00a0\u00bbdefault\u00a0\u00bb top_padding=\u00a0\u00bb2%\u00a0\u00bb constrain_group_1=\u00a0\u00bbyes\u00a0\u00bb bottom_padding=\u00a0\u00bb2%\u00a0\u00bb text_align=\u00a0\u00bbleft\u00a0\u00bb row_position=\u00a0\u00bbdefault\u00a0\u00bb row_position_tablet=\u00a0\u00bbinherit\u00a0\u00bb row_position_phone=\u00a0\u00bbinherit\u00a0\u00bb overflow=\u00a0\u00bbvisible\u00a0\u00bb pointer_events=\u00a0\u00bball\u00a0\u00bb][vc_column_inner column_padding=\u00a0\u00bbpadding-2-percent\u00a0\u00bb column_padding_tablet=\u00a0\u00bbinherit\u00a0\u00bb column_padding_phone=\u00a0\u00bbinherit\u00a0\u00bb column_padding_position=\u00a0\u00bbleft\u00a0\u00bb left_margin=\u00a0\u00bb7px\u00a0\u00bb column_element_direction_desktop=\u00a0\u00bbdefault\u00a0\u00bb column_element_spacing=\u00a0\u00bbdefault\u00a0\u00bb desktop_text_alignment=\u00a0\u00bbdefault\u00a0\u00bb tablet_text_alignment=\u00a0\u00bbdefault\u00a0\u00bb phone_text_alignment=\u00a0\u00bbdefault\u00a0\u00bb background_color_opacity=\u00a0\u00bb1&Prime; background_hover_color_opacity=\u00a0\u00bb1&Prime; column_backdrop_filter=\u00a0\u00bbnone\u00a0\u00bb column_shadow=\u00a0\u00bbnone\u00a0\u00bb column_border_radius=\u00a0\u00bbnone\u00a0\u00bb column_link_target=\u00a0\u00bb_self\u00a0\u00bb overflow=\u00a0\u00bbvisible\u00a0\u00bb gradient_direction=\u00a0\u00bbleft_to_right\u00a0\u00bb overlay_strength=\u00a0\u00bb0.3&Prime; width=\u00a0\u00bb1\/1&Prime; tablet_width_inherit=\u00a0\u00bbdefault\u00a0\u00bb animation_type=\u00a0\u00bbdefault\u00a0\u00bb bg_image_animation=\u00a0\u00bbnone\u00a0\u00bb border_type=\u00a0\u00bbadvanced\u00a0\u00bb border_left_desktop=\u00a0\u00bb1&Prime; column_border_color=\u00a0\u00bb#269756&Prime; column_border_style=\u00a0\u00bbsolid\u00a0\u00bb column_padding_type=\u00a0\u00bbdefault\u00a0\u00bb gradient_type=\u00a0\u00bbdefault\u00a0\u00bb][vc_column_text el_class=\u00a0\u00bbmed\u00a0\u00bb]Le salon sera l&rsquo;occasion de rencontrer \u00e0 nouveau les clients et partenaires et f\u00eater ensemble le 25\u00e8me anniversaire de Mistral\u00ae.[\/vc_column_text][\/vc_column_inner][\/vc_row_inner][vc_row_inner column_margin=\u00a0\u00bbdefault\u00a0\u00bb column_direction=\u00a0\u00bbdefault\u00a0\u00bb column_direction_tablet=\u00a0\u00bbdefault\u00a0\u00bb column_direction_phone=\u00a0\u00bbdefault\u00a0\u00bb top_padding=\u00a0\u00bb2%\u00a0\u00bb constrain_group_1=\u00a0\u00bbyes\u00a0\u00bb bottom_padding=\u00a0\u00bb2%\u00a0\u00bb text_align=\u00a0\u00bbleft\u00a0\u00bb row_position=\u00a0\u00bbdefault\u00a0\u00bb row_position_tablet=\u00a0\u00bbinherit\u00a0\u00bb row_position_phone=\u00a0\u00bbinherit\u00a0\u00bb overflow=\u00a0\u00bbvisible\u00a0\u00bb pointer_events=\u00a0\u00bball\u00a0\u00bb][vc_column_inner column_padding=\u00a0\u00bbno-extra-padding\u00a0\u00bb column_padding_tablet=\u00a0\u00bbinherit\u00a0\u00bb column_padding_phone=\u00a0\u00bbinherit\u00a0\u00bb column_padding_position=\u00a0\u00bball\u00a0\u00bb column_element_direction_desktop=\u00a0\u00bbdefault\u00a0\u00bb column_element_spacing=\u00a0\u00bbdefault\u00a0\u00bb desktop_text_alignment=\u00a0\u00bbdefault\u00a0\u00bb tablet_text_alignment=\u00a0\u00bbdefault\u00a0\u00bb phone_text_alignment=\u00a0\u00bbdefault\u00a0\u00bb background_color_opacity=\u00a0\u00bb1&Prime; background_hover_color_opacity=\u00a0\u00bb1&Prime; column_backdrop_filter=\u00a0\u00bbnone\u00a0\u00bb column_shadow=\u00a0\u00bbnone\u00a0\u00bb column_border_radius=\u00a0\u00bbnone\u00a0\u00bb column_link_target=\u00a0\u00bb_self\u00a0\u00bb overflow=\u00a0\u00bbvisible\u00a0\u00bb gradient_direction=\u00a0\u00bbleft_to_right\u00a0\u00bb overlay_strength=\u00a0\u00bb0.3&Prime; width=\u00a0\u00bb1\/1&Prime; tablet_width_inherit=\u00a0\u00bbdefault\u00a0\u00bb animation_type=\u00a0\u00bbdefault\u00a0\u00bb bg_image_animation=\u00a0\u00bbnone\u00a0\u00bb border_type=\u00a0\u00bbsimple\u00a0\u00bb column_border_width=\u00a0\u00bbnone\u00a0\u00bb column_border_style=\u00a0\u00bbsolid\u00a0\u00bb][vc_column_text]Apr\u00e8s l&rsquo;\u00e9dition virtuelle de 2020, due \u00e0 la pand\u00e9mie de COVID, le salon SPACE ouvre ses portes cette ann\u00e9e du 14 au 16 septembre \u00e0 Rennes, France, et compte accueillir des milliers de professionnels du secteur des productions animales.<\/p>\n<p>Lors de cette \u00e9dition, comme les ann\u00e9es pr\u00e9c\u00e9dentes, les \u00e9quipes Olmix y seront pr\u00e9sentes, veillant \u00e0 respecter les consignes sanitaires, et impatientes de rencontrer les clients, partenaires et professionnels du secteur int\u00e9ress\u00e9s par l&rsquo;\u00e9levage durable.<\/p>\n<p>Nous serons ravis de vous accueillir sur notre <strong>stand C 57, hall 9<\/strong>, o\u00f9 notre \u00e9quipe vous attendra pour discuter de nos solutions \u00e0 base d\u2019algues pour am\u00e9liorer la sant\u00e9, le bien-\u00eatre et les performances des animaux.<\/p>\n<p>Cette ann\u00e9e, notre stand offrira une place sp\u00e9ciale \u00e0 Mistral\u00ae, notre solution pour l\u2019hygi\u00e8ne des \u00e9levages qui c\u00e9l\u00e8bre son 25\u00e8me anniversaire.<\/p>\n<p>Mistral\u00ae est le premier produit d\u00e9velopp\u00e9 par Olmix Group. Ses propri\u00e9t\u00e9s ass\u00e9chantes uniques lui permettent d\u2019am\u00e9liorer les performances des animaux lors de p\u00e9riodes cl\u00e9s. Mistral\u00ae est devenu un \u00e9l\u00e9ment essentiel de la gestion de l&rsquo;hygi\u00e8ne de l\u2019environnement pour assurer le bien-\u00eatre des animaux.<\/p>\n<p>Notre \u00e9quipe Animal Care vous pr\u00e9sentera \u00e9galement nos solutions d\u00e9di\u00e9es \u00e0 l\u2019Immunit\u00e9 et au bien-\u00eatre digestif des animaux. Olmix a d\u00e9velopp\u00e9 une gamme sp\u00e9cifique de produits destin\u00e9s \u00e0 renforcer les d\u00e9fenses naturelles de l\u2019animal en amont et pendant les phases critiques de stress pour en diminuer les cons\u00e9quences sur les performances zootechniques. De plus, Olmix propose un programme complet de solutions naturelles pour accompagner les porcelets de la naissance \u00e0 l\u2019engraissement \u00e0 faire face aux diff\u00e9rents challenges digestifs.[\/vc_column_text][image_with_animation image_url=\u00a0\u00bb4808&Prime; image_size=\u00a0\u00bbfull\u00a0\u00bb animation_type=\u00a0\u00bbentrance\u00a0\u00bb animation=\u00a0\u00bbNone\u00a0\u00bb animation_movement_type=\u00a0\u00bbtransform_y\u00a0\u00bb hover_animation=\u00a0\u00bbnone\u00a0\u00bb alignment=\u00a0\u00bb\u00a0\u00bb border_radius=\u00a0\u00bbnone\u00a0\u00bb box_shadow=\u00a0\u00bbnone\u00a0\u00bb image_loading=\u00a0\u00bbdefault\u00a0\u00bb max_width=\u00a0\u00bb100%\u00a0\u00bb max_width_mobile=\u00a0\u00bbdefault\u00a0\u00bb][vc_column_text el_class=\u00a0\u00bbsmall\u00a0\u00bb]<em>Olmix f\u00eate les 25 ans de son produit Mistral\u00ae au SPACE 2021<\/em>[\/vc_column_text][\/vc_column_inner][\/vc_row_inner][vc_column_text]\n<h2>Mycotoxines dans les ma\u00efs : r\u00e9sultats de l\u2019observatoire<\/h2>\n<p>L&rsquo;Observatoire des mycotoxines, un projet dont Olmix est partenaire, pr\u00e9sentera au SPACE 2021 une synth\u00e8se des 3 ann\u00e9es de travail pour quantifier le risque mycotoxines dans l&rsquo;ensilage de ma\u00efs en France. Les r\u00e9sultats de contamination et d\u2019analyse seront pr\u00e9sent\u00e9s le mercredi 15 septembre de 15h00 \u00e0 15h45 &#8211; Salle 5 &#8211; Espace Administration.<\/p>\n<p>Notre experte en mycotoxines, Julia Laurain, Sp\u00e9cialiste Produits For Feed chez Olmix Group, sera pr\u00e9sente dans la salle pour accompagner nos partenaires dans la pr\u00e9sentation du projet.[\/vc_column_text][image_with_animation image_url=\u00a0\u00bb4809&Prime; image_size=\u00a0\u00bbmedium\u00a0\u00bb animation_type=\u00a0\u00bbentrance\u00a0\u00bb animation=\u00a0\u00bbNone\u00a0\u00bb animation_movement_type=\u00a0\u00bbtransform_y\u00a0\u00bb hover_animation=\u00a0\u00bbnone\u00a0\u00bb alignment=\u00a0\u00bb\u00a0\u00bb border_radius=\u00a0\u00bbnone\u00a0\u00bb box_shadow=\u00a0\u00bbnone\u00a0\u00bb image_loading=\u00a0\u00bbdefault\u00a0\u00bb max_width=\u00a0\u00bb100%\u00a0\u00bb max_width_mobile=\u00a0\u00bbdefault\u00a0\u00bb][nectar_global_section id=\u00a0\u00bb575&Prime;][\/vc_column][\/vc_row]\n","protected":false},"excerpt":{"rendered":"<p>[vc_row type=\u00a0\u00bbin_container\u00a0\u00bb full_screen_row_position=\u00a0\u00bbmiddle\u00a0\u00bb column_margin=\u00a0\u00bbdefault\u00a0\u00bb column_direction=\u00a0\u00bbdefault\u00a0\u00bb column_direction_tablet=\u00a0\u00bbdefault\u00a0\u00bb column_direction_phone=\u00a0\u00bbdefault\u00a0\u00bb scene_position=\u00a0\u00bbcenter\u00a0\u00bb constrain_group_4=\u00a0\u00bbyes\u00a0\u00bb text_color=\u00a0\u00bbdark\u00a0\u00bb text_align=\u00a0\u00bbleft\u00a0\u00bb row_border_radius=\u00a0\u00bbnone\u00a0\u00bb row_border_radius_applies=\u00a0\u00bbbg\u00a0\u00bb overflow=\u00a0\u00bbvisible\u00a0\u00bb overlay_strength=\u00a0\u00bb0.3&Prime; gradient_direction=\u00a0\u00bbleft_to_right\u00a0\u00bb shape_divider_position=\u00a0\u00bbbottom\u00a0\u00bb bg_image_animation=\u00a0\u00bbnone\u00a0\u00bb gradient_type=\u00a0\u00bbdefault\u00a0\u00bb shape_type=\u00a0\u00bb\u00a0\u00bb][vc_column column_padding=\u00a0\u00bbno-extra-padding\u00a0\u00bb column_padding_tablet=\u00a0\u00bbinherit\u00a0\u00bb column_padding_phone=\u00a0\u00bbinherit\u00a0\u00bb column_padding_position=\u00a0\u00bball\u00a0\u00bb column_element_direction_desktop=\u00a0\u00bbdefault\u00a0\u00bb column_element_spacing=\u00a0\u00bbdefault\u00a0\u00bb desktop_text_alignment=\u00a0\u00bbdefault\u00a0\u00bb tablet_text_alignment=\u00a0\u00bbdefault\u00a0\u00bb phone_text_alignment=\u00a0\u00bbdefault\u00a0\u00bb background_color_opacity=\u00a0\u00bb1&Prime;&#8230;<\/p>\n","protected":false},"author":2,"featured_media":9073,"comment_status":"closed","ping_status":"open","sticky":false,"template":"","format":"standard","meta":{"_acf_changed":false,"footnotes":""},"categories":[439],"tags":[],"class_list":["post-10974","post","type-post","status-publish","format-standard","has-post-thumbnail","category-animal-care-fr"],"acf":[],"yoast_head":"<!-- This site is optimized with the Yoast SEO plugin v27.4 - https:\/\/yoast.com\/product\/yoast-seo-wordpress\/ -->\n<title>De retour au salon Space - Olmix<\/title>\n<meta name=\"description\" content=\"Le salon sera l&#039;occasion de rencontrer \u00e0 nouveau les clients et partenaires et f\u00eater ensemble le 25\u00e8me anniversaire de Mistral\u00ae.\" \/>\n<meta name=\"robots\" content=\"index, follow, max-snippet:-1, max-image-preview:large, max-video-preview:-1\" \/>\n<link rel=\"canonical\" href=\"https:\/\/olmix.com\/fr\/de-retour-au-salon-space\/\" \/>\n<meta property=\"og:locale\" content=\"fr_FR\" \/>\n<meta property=\"og:type\" content=\"article\" \/>\n<meta property=\"og:title\" content=\"De retour au salon Space - Olmix\" \/>\n<meta property=\"og:description\" content=\"Le salon sera l&#039;occasion de rencontrer \u00e0 nouveau les clients et partenaires et f\u00eater ensemble le 25\u00e8me anniversaire de Mistral\u00ae.\" \/>\n<meta property=\"og:url\" content=\"https:\/\/olmix.com\/fr\/de-retour-au-salon-space\/\" \/>\n<meta property=\"og:site_name\" content=\"Olmix\" \/>\n<meta property=\"article:published_time\" content=\"2021-09-03T09:50:24+00:00\" \/>\n<meta property=\"article:modified_time\" content=\"2024-02-28T13:19:23+00:00\" \/>\n<meta property=\"og:image\" content=\"https:\/\/olmix.com\/wp-content\/uploads\/2023\/11\/image_space2021_fr_2_0.png\" \/>\n\t<meta property=\"og:image:width\" content=\"695\" \/>\n\t<meta property=\"og:image:height\" content=\"390\" \/>\n\t<meta property=\"og:image:type\" content=\"image\/png\" \/>\n<meta name=\"author\" content=\"matteo\" \/>\n<meta name=\"twitter:card\" content=\"summary_large_image\" \/>\n<meta name=\"twitter:label1\" content=\"\u00c9crit par\" \/>\n\t<meta name=\"twitter:data1\" content=\"matteo\" \/>\n\t<meta name=\"twitter:label2\" content=\"Dur\u00e9e de lecture estim\u00e9e\" \/>\n\t<meta name=\"twitter:data2\" content=\"4 minutes\" \/>\n<script type=\"application\/ld+json\" class=\"yoast-schema-graph\">{\"@context\":\"https:\\\/\\\/schema.org\",\"@graph\":[{\"@type\":\"Article\",\"@id\":\"https:\\\/\\\/olmix.com\\\/fr\\\/de-retour-au-salon-space\\\/#article\",\"isPartOf\":{\"@id\":\"https:\\\/\\\/olmix.com\\\/fr\\\/de-retour-au-salon-space\\\/\"},\"author\":{\"name\":\"matteo\",\"@id\":\"https:\\\/\\\/olmix.com\\\/#\\\/schema\\\/person\\\/85ff25bfd27cc59f698c4bfb18ecd1f3\"},\"headline\":\"De retour au salon Space\",\"datePublished\":\"2021-09-03T09:50:24+00:00\",\"dateModified\":\"2024-02-28T13:19:23+00:00\",\"mainEntityOfPage\":{\"@id\":\"https:\\\/\\\/olmix.com\\\/fr\\\/de-retour-au-salon-space\\\/\"},\"wordCount\":1207,\"image\":{\"@id\":\"https:\\\/\\\/olmix.com\\\/fr\\\/de-retour-au-salon-space\\\/#primaryimage\"},\"thumbnailUrl\":\"https:\\\/\\\/olmix.com\\\/wp-content\\\/uploads\\\/2023\\\/11\\\/image_space2021_fr_2_0.png\",\"articleSection\":[\"Animal Care\"],\"inLanguage\":\"fr-FR\"},{\"@type\":\"WebPage\",\"@id\":\"https:\\\/\\\/olmix.com\\\/fr\\\/de-retour-au-salon-space\\\/\",\"url\":\"https:\\\/\\\/olmix.com\\\/fr\\\/de-retour-au-salon-space\\\/\",\"name\":\"De retour au salon Space - Olmix\",\"isPartOf\":{\"@id\":\"https:\\\/\\\/olmix.com\\\/#website\"},\"primaryImageOfPage\":{\"@id\":\"https:\\\/\\\/olmix.com\\\/fr\\\/de-retour-au-salon-space\\\/#primaryimage\"},\"image\":{\"@id\":\"https:\\\/\\\/olmix.com\\\/fr\\\/de-retour-au-salon-space\\\/#primaryimage\"},\"thumbnailUrl\":\"https:\\\/\\\/olmix.com\\\/wp-content\\\/uploads\\\/2023\\\/11\\\/image_space2021_fr_2_0.png\",\"datePublished\":\"2021-09-03T09:50:24+00:00\",\"dateModified\":\"2024-02-28T13:19:23+00:00\",\"author\":{\"@id\":\"https:\\\/\\\/olmix.com\\\/#\\\/schema\\\/person\\\/85ff25bfd27cc59f698c4bfb18ecd1f3\"},\"description\":\"Le salon sera l'occasion de rencontrer \u00e0 nouveau les clients et partenaires et f\u00eater ensemble le 25\u00e8me anniversaire de Mistral\u00ae.\",\"breadcrumb\":{\"@id\":\"https:\\\/\\\/olmix.com\\\/fr\\\/de-retour-au-salon-space\\\/#breadcrumb\"},\"inLanguage\":\"fr-FR\",\"potentialAction\":[{\"@type\":\"ReadAction\",\"target\":[\"https:\\\/\\\/olmix.com\\\/fr\\\/de-retour-au-salon-space\\\/\"]}]},{\"@type\":\"ImageObject\",\"inLanguage\":\"fr-FR\",\"@id\":\"https:\\\/\\\/olmix.com\\\/fr\\\/de-retour-au-salon-space\\\/#primaryimage\",\"url\":\"https:\\\/\\\/olmix.com\\\/wp-content\\\/uploads\\\/2023\\\/11\\\/image_space2021_fr_2_0.png\",\"contentUrl\":\"https:\\\/\\\/olmix.com\\\/wp-content\\\/uploads\\\/2023\\\/11\\\/image_space2021_fr_2_0.png\",\"width\":695,\"height\":390},{\"@type\":\"BreadcrumbList\",\"@id\":\"https:\\\/\\\/olmix.com\\\/fr\\\/de-retour-au-salon-space\\\/#breadcrumb\",\"itemListElement\":[{\"@type\":\"ListItem\",\"position\":1,\"name\":\"Home\",\"item\":\"https:\\\/\\\/olmix.com\\\/fr\\\/\"},{\"@type\":\"ListItem\",\"position\":2,\"name\":\"De retour au salon Space\"}]},{\"@type\":\"WebSite\",\"@id\":\"https:\\\/\\\/olmix.com\\\/#website\",\"url\":\"https:\\\/\\\/olmix.com\\\/\",\"name\":\"Olmix\",\"description\":\"For a better life\",\"potentialAction\":[{\"@type\":\"SearchAction\",\"target\":{\"@type\":\"EntryPoint\",\"urlTemplate\":\"https:\\\/\\\/olmix.com\\\/?s={search_term_string}\"},\"query-input\":{\"@type\":\"PropertyValueSpecification\",\"valueRequired\":true,\"valueName\":\"search_term_string\"}}],\"inLanguage\":\"fr-FR\"},{\"@type\":\"Person\",\"@id\":\"https:\\\/\\\/olmix.com\\\/#\\\/schema\\\/person\\\/85ff25bfd27cc59f698c4bfb18ecd1f3\",\"name\":\"matteo\",\"image\":{\"@type\":\"ImageObject\",\"inLanguage\":\"fr-FR\",\"@id\":\"https:\\\/\\\/secure.gravatar.com\\\/avatar\\\/7b084871ba89adbcd27e4c719f61b11427552d53ea44c3af072d5b1641809138?s=96&d=mm&r=g\",\"url\":\"https:\\\/\\\/secure.gravatar.com\\\/avatar\\\/7b084871ba89adbcd27e4c719f61b11427552d53ea44c3af072d5b1641809138?s=96&d=mm&r=g\",\"contentUrl\":\"https:\\\/\\\/secure.gravatar.com\\\/avatar\\\/7b084871ba89adbcd27e4c719f61b11427552d53ea44c3af072d5b1641809138?s=96&d=mm&r=g\",\"caption\":\"matteo\"},\"url\":\"https:\\\/\\\/olmix.com\\\/fr\\\/author\\\/matteo\\\/\"}]}<\/script>\n<!-- \/ Yoast SEO plugin. -->","yoast_head_json":{"title":"De retour au salon Space - Olmix","description":"Le salon sera l'occasion de rencontrer \u00e0 nouveau les clients et partenaires et f\u00eater ensemble le 25\u00e8me anniversaire de Mistral\u00ae.","robots":{"index":"index","follow":"follow","max-snippet":"max-snippet:-1","max-image-preview":"max-image-preview:large","max-video-preview":"max-video-preview:-1"},"canonical":"https:\/\/olmix.com\/fr\/de-retour-au-salon-space\/","og_locale":"fr_FR","og_type":"article","og_title":"De retour au salon Space - Olmix","og_description":"Le salon sera l'occasion de rencontrer \u00e0 nouveau les clients et partenaires et f\u00eater ensemble le 25\u00e8me anniversaire de Mistral\u00ae.","og_url":"https:\/\/olmix.com\/fr\/de-retour-au-salon-space\/","og_site_name":"Olmix","article_published_time":"2021-09-03T09:50:24+00:00","article_modified_time":"2024-02-28T13:19:23+00:00","og_image":[{"width":695,"height":390,"url":"https:\/\/olmix.com\/wp-content\/uploads\/2023\/11\/image_space2021_fr_2_0.png","type":"image\/png"}],"author":"matteo","twitter_card":"summary_large_image","twitter_misc":{"\u00c9crit par":"matteo","Dur\u00e9e de lecture estim\u00e9e":"4 minutes"},"schema":{"@context":"https:\/\/schema.org","@graph":[{"@type":"Article","@id":"https:\/\/olmix.com\/fr\/de-retour-au-salon-space\/#article","isPartOf":{"@id":"https:\/\/olmix.com\/fr\/de-retour-au-salon-space\/"},"author":{"name":"matteo","@id":"https:\/\/olmix.com\/#\/schema\/person\/85ff25bfd27cc59f698c4bfb18ecd1f3"},"headline":"De retour au salon Space","datePublished":"2021-09-03T09:50:24+00:00","dateModified":"2024-02-28T13:19:23+00:00","mainEntityOfPage":{"@id":"https:\/\/olmix.com\/fr\/de-retour-au-salon-space\/"},"wordCount":1207,"image":{"@id":"https:\/\/olmix.com\/fr\/de-retour-au-salon-space\/#primaryimage"},"thumbnailUrl":"https:\/\/olmix.com\/wp-content\/uploads\/2023\/11\/image_space2021_fr_2_0.png","articleSection":["Animal Care"],"inLanguage":"fr-FR"},{"@type":"WebPage","@id":"https:\/\/olmix.com\/fr\/de-retour-au-salon-space\/","url":"https:\/\/olmix.com\/fr\/de-retour-au-salon-space\/","name":"De retour au salon Space - Olmix","isPartOf":{"@id":"https:\/\/olmix.com\/#website"},"primaryImageOfPage":{"@id":"https:\/\/olmix.com\/fr\/de-retour-au-salon-space\/#primaryimage"},"image":{"@id":"https:\/\/olmix.com\/fr\/de-retour-au-salon-space\/#primaryimage"},"thumbnailUrl":"https:\/\/olmix.com\/wp-content\/uploads\/2023\/11\/image_space2021_fr_2_0.png","datePublished":"2021-09-03T09:50:24+00:00","dateModified":"2024-02-28T13:19:23+00:00","author":{"@id":"https:\/\/olmix.com\/#\/schema\/person\/85ff25bfd27cc59f698c4bfb18ecd1f3"},"description":"Le salon sera l'occasion de rencontrer \u00e0 nouveau les clients et partenaires et f\u00eater ensemble le 25\u00e8me anniversaire de Mistral\u00ae.","breadcrumb":{"@id":"https:\/\/olmix.com\/fr\/de-retour-au-salon-space\/#breadcrumb"},"inLanguage":"fr-FR","potentialAction":[{"@type":"ReadAction","target":["https:\/\/olmix.com\/fr\/de-retour-au-salon-space\/"]}]},{"@type":"ImageObject","inLanguage":"fr-FR","@id":"https:\/\/olmix.com\/fr\/de-retour-au-salon-space\/#primaryimage","url":"https:\/\/olmix.com\/wp-content\/uploads\/2023\/11\/image_space2021_fr_2_0.png","contentUrl":"https:\/\/olmix.com\/wp-content\/uploads\/2023\/11\/image_space2021_fr_2_0.png","width":695,"height":390},{"@type":"BreadcrumbList","@id":"https:\/\/olmix.com\/fr\/de-retour-au-salon-space\/#breadcrumb","itemListElement":[{"@type":"ListItem","position":1,"name":"Home","item":"https:\/\/olmix.com\/fr\/"},{"@type":"ListItem","position":2,"name":"De retour au salon Space"}]},{"@type":"WebSite","@id":"https:\/\/olmix.com\/#website","url":"https:\/\/olmix.com\/","name":"Olmix","description":"For a better life","potentialAction":[{"@type":"SearchAction","target":{"@type":"EntryPoint","urlTemplate":"https:\/\/olmix.com\/?s={search_term_string}"},"query-input":{"@type":"PropertyValueSpecification","valueRequired":true,"valueName":"search_term_string"}}],"inLanguage":"fr-FR"},{"@type":"Person","@id":"https:\/\/olmix.com\/#\/schema\/person\/85ff25bfd27cc59f698c4bfb18ecd1f3","name":"matteo","image":{"@type":"ImageObject","inLanguage":"fr-FR","@id":"https:\/\/secure.gravatar.com\/avatar\/7b084871ba89adbcd27e4c719f61b11427552d53ea44c3af072d5b1641809138?s=96&d=mm&r=g","url":"https:\/\/secure.gravatar.com\/avatar\/7b084871ba89adbcd27e4c719f61b11427552d53ea44c3af072d5b1641809138?s=96&d=mm&r=g","contentUrl":"https:\/\/secure.gravatar.com\/avatar\/7b084871ba89adbcd27e4c719f61b11427552d53ea44c3af072d5b1641809138?s=96&d=mm&r=g","caption":"matteo"},"url":"https:\/\/olmix.com\/fr\/author\/matteo\/"}]}},"_links":{"self":[{"href":"https:\/\/olmix.com\/fr\/wp-json\/wp\/v2\/posts\/10974","targetHints":{"allow":["GET"]}}],"collection":[{"href":"https:\/\/olmix.com\/fr\/wp-json\/wp\/v2\/posts"}],"about":[{"href":"https:\/\/olmix.com\/fr\/wp-json\/wp\/v2\/types\/post"}],"author":[{"embeddable":true,"href":"https:\/\/olmix.com\/fr\/wp-json\/wp\/v2\/users\/2"}],"replies":[{"embeddable":true,"href":"https:\/\/olmix.com\/fr\/wp-json\/wp\/v2\/comments?post=10974"}],"version-history":[{"count":3,"href":"https:\/\/olmix.com\/fr\/wp-json\/wp\/v2\/posts\/10974\/revisions"}],"predecessor-version":[{"id":11779,"href":"https:\/\/olmix.com\/fr\/wp-json\/wp\/v2\/posts\/10974\/revisions\/11779"}],"wp:featuredmedia":[{"embeddable":true,"href":"https:\/\/olmix.com\/fr\/wp-json\/wp\/v2\/media\/9073"}],"wp:attachment":[{"href":"https:\/\/olmix.com\/fr\/wp-json\/wp\/v2\/media?parent=10974"}],"wp:term":[{"taxonomy":"category","embeddable":true,"href":"https:\/\/olmix.com\/fr\/wp-json\/wp\/v2\/categories?post=10974"},{"taxonomy":"post_tag","embeddable":true,"href":"https:\/\/olmix.com\/fr\/wp-json\/wp\/v2\/tags?post=10974"}],"curies":[{"name":"wp","href":"https:\/\/api.w.org\/{rel}","templated":true}]}}